{"id":4116,"date":"2023-10-06T12:48:07","date_gmt":"2023-10-06T12:48:07","guid":{"rendered":"https:\/\/teste2023.bvsalud.org\/portal-lis\/?p=4116"},"modified":"2023-11-01T17:25:02","modified_gmt":"2023-11-01T17:25:02","slug":"dia-mundial-contra-a-raiva-2023","status":"publish","type":"post","link":"https:\/\/teste2023.bvsalud.org\/portal-lis\/2023\/10\/06\/dia-mundial-contra-a-raiva-2023\/","title":{"rendered":"Dia Mundial Contra a Raiva 2023"},"content":{"rendered":"<p>&nbsp;<\/p>\n<p>O\u00a0<strong>Dia Mundial contra a Raiva (DMR)<\/strong>, instituido pela Alian\u00e7a Global para o Control da Raiva (GARC) e reconhecido pela Organiza\u00e7\u00e3o Mundial da Sa\u00fade (OMS) a cada\u00a0<strong>28 de septiembre,<\/strong>\u00a0\u00e9 uma data trascendental para promover a luta contra esta doen\u00e7a y refor\u00e7ar a conscientiza\u00e7\u00e3o sobre sua preven\u00e7\u00e3o. A raiva \u00e9 uma zoonose com letalidade de 100%. End\u00eamica en v\u00e1rios continentes, estima-se que a cada ano morram alrededor de 60.000 pessoas no mundo, 40% delas crian\u00e7as. A\u00a0elimina\u00e7\u00e3o da raiva humana transmitida por c\u00e3es \u00e9 poss\u00edvel, o progresso de muitos pa\u00edses da regi\u00e3o das Am\u00e9ricas nessa conquista \u00e9 prova disso. O lema deste ano\u00a0<strong>&#8220;Todos por 1, Uma Sa\u00fade por Todos&#8221;\u00a0<\/strong>evidencia a necessidade de concretizar uma abordagem intersectorial e multidisciplinar com a interven\u00e7\u00e3o e colabora\u00e7\u00e3o de equipes professionais dos setores da sa\u00fade humana, animal e ambiental&#8230;<a href=\"https:\/\/www.paho.org\/pt\/campanhas\/dia-mundial-contra-raiva-2023\" target=\"_blank\" rel=\"noopener noreferrer\">Leia mais<\/a><\/p>\n<p><strong>Saiba mais:<\/strong><\/p>\n<ul>\n<li><a href=\"https:\/\/bvsms.saude.gov.br\/28-9-dia-mundial-da-raiva\/\" target=\"_blank\" rel=\"noopener noreferrer\">Dia Mundial da Raiva<\/a><\/li>\n<li><a href=\"https:\/\/www.saude.ce.gov.br\/2023\/09\/28\/dia-mundial-da-raiva-saiba-como-prevenir-a-doenca\/\" target=\"_blank\" rel=\"noopener noreferrer\">Dia Mundial da Raiva: saiba como prevenir a doen\u00e7a<\/a><\/li>\n<li><a href=\"https:\/\/estado.sc.gov.br\/noticias\/dia-mundial-de-combate-a-raiva-cidasc-destaca-a-importancia-da-prevencao-e-conscientizacao-contra-a-doenca\/\" target=\"_blank\" rel=\"noopener noreferrer\">Dia Mundial de Combate \u00e0 Raiva: Cidasc destaca a import\u00e2ncia da preven\u00e7\u00e3o e conscientiza\u00e7\u00e3o contra a doen\u00e7a<\/a><\/li>\n<li><a href=\"https:\/\/www.gov.br\/saude\/pt-br\/assuntos\/saude-de-a-a-z\/r\/raiva\" target=\"_blank\" rel=\"noopener noreferrer\">Raiva<\/a><\/li>\n<\/ul>\n<p><strong>Links Relacionados:<\/strong><\/p>\n<ul><li><a href=\"https:\/\/teste2023.bvsalud.org\/portal-lis\/lis-search\/resource\/?id=50133\">Vigil\u00e2ncia de Zoonoses<\/a><\/li><li><a href=\"https:\/\/teste2023.bvsalud.org\/portal-lis\/lis-search\/resource\/?id=49894\">OPAS pede esfor\u00e7os intensificados contra hansen\u00edase e doen\u00e7as tropicais negligenciadas<\/a><\/li><li><a href=\"https:\/\/teste2023.bvsalud.org\/portal-lis\/lis-search\/resource\/?id=49816\">Dia Mundial Contra a Raiva: Minist\u00e9rio da Sa\u00fade promove vacina\u00e7\u00e3o de c\u00e3es e gatos<\/a><\/li><li><a href=\"https:\/\/teste2023.bvsalud.org\/portal-lis\/lis-search\/resource\/?id=49068\">Preven\u00e7\u00e3o \u00e9 a melhor forma de evitar infec\u00e7\u00e3o por raiva em humanos<\/a><\/li><li><a href=\"https:\/\/teste2023.bvsalud.org\/portal-lis\/lis-search\/resource\/?id=48474\">Fiocruz participa de estudo sobre m\u00e9todo alternativo para vacinas antirr\u00e1bicas<\/a><\/li><li><a href=\"https:\/\/teste2023.bvsalud.org\/portal-lis\/lis-search\/resource\/?id=46444\">Vivendo com diabetes: Sa\u00fade Mental<\/a><\/li><li><a href=\"https:\/\/teste2023.bvsalud.org\/portal-lis\/lis-search\/resource\/?id=46009\">Quando a raiva vira um verdadeiro transtorno<\/a><\/li><li><a href=\"https:\/\/teste2023.bvsalud.org\/portal-lis\/lis-search\/resource\/?id=45855\">28 de setembro - Dia Mundial de Luta contra a Raiva<\/a><\/li><li><a href=\"https:\/\/teste2023.bvsalud.org\/portal-lis\/lis-search\/resource\/?id=45024\">Dicas em Sa\u00fade: Raiva<\/a><\/li><li><a href=\"https:\/\/teste2023.bvsalud.org\/portal-lis\/lis-search\/resource\/?id=28727\">XXIII RITA: Rabies in the Americas<\/a><\/li><\/ul>\n<p><a href=\"https:\/\/teste2023.bvsalud.org\/portal-lis\/lis-search\/?lang=pt&amp;home_url=https%3A%2F%2Fbvsalud.org%2Fportal-lis&amp;home_text=Portal+LIS+-+Localizador+de+Informa%C3%A7%C3%A3o+em+Sa%C3%BAde&amp;q=%28raiva%29+or+%28Rabia%29+or+%28Rabies%29&amp;submit=Pesquisa\" target=\"_blank\" rel=\"noopener noreferrer\">Veja tudo que h\u00e1 no LIS<\/a><\/p>\n","protected":false},"excerpt":{"rendered":"<p>&nbsp; O\u00a0Dia Mundial contra a Raiva (DMR), instituido pela Alian\u00e7a Global para o Control da Raiva (GARC) e reconhecido pela Organiza\u00e7\u00e3o Mundial da Sa\u00fade (OMS) a cada\u00a028 de septiembre,\u00a0\u00e9 uma data trascendental para promover a luta contra esta doen\u00e7a y refor\u00e7ar a conscientiza\u00e7\u00e3o sobre sua preven\u00e7\u00e3o. A raiva \u00e9 uma zoonose com letalidade de 100%. [&hellip;]<\/p>\n","protected":false},"author":74,"featured_media":4122,"comment_status":"closed","ping_status":"open","sticky":false,"template":"","format":"standard","meta":{"_acf_changed":false,"_monsterinsights_skip_tracking":false,"_monsterinsights_sitenote_active":false,"_monsterinsights_sitenote_note":"","_monsterinsights_sitenote_category":0,"footnotes":"","_links_to":"","_links_to_target":""},"categories":[20],"tags":[952],"class_list":["post-4116","post","type-post","status-publish","format-standard","has-post-thumbnail","hentry","category-campanhas","tag-dia-mundial-contra-a-raiva"],"acf":[],"_links":{"self":[{"href":"https:\/\/teste2023.bvsalud.org\/portal-lis\/wp-json\/wp\/v2\/posts\/4116"}],"collection":[{"href":"https:\/\/teste2023.bvsalud.org\/portal-lis\/wp-json\/wp\/v2\/posts"}],"about":[{"href":"https:\/\/teste2023.bvsalud.org\/portal-lis\/wp-json\/wp\/v2\/types\/post"}],"author":[{"embeddable":true,"href":"https:\/\/teste2023.bvsalud.org\/portal-lis\/wp-json\/wp\/v2\/users\/74"}],"replies":[{"embeddable":true,"href":"https:\/\/teste2023.bvsalud.org\/portal-lis\/wp-json\/wp\/v2\/comments?post=4116"}],"version-history":[{"count":6,"href":"https:\/\/teste2023.bvsalud.org\/portal-lis\/wp-json\/wp\/v2\/posts\/4116\/revisions"}],"predecessor-version":[{"id":4250,"href":"https:\/\/teste2023.bvsalud.org\/portal-lis\/wp-json\/wp\/v2\/posts\/4116\/revisions\/4250"}],"wp:featuredmedia":[{"embeddable":true,"href":"https:\/\/teste2023.bvsalud.org\/portal-lis\/wp-json\/wp\/v2\/media\/4122"}],"wp:attachment":[{"href":"https:\/\/teste2023.bvsalud.org\/portal-lis\/wp-json\/wp\/v2\/media?parent=4116"}],"wp:term":[{"taxonomy":"category","embeddable":true,"href":"https:\/\/teste2023.bvsalud.org\/portal-lis\/wp-json\/wp\/v2\/categories?post=4116"},{"taxonomy":"post_tag","embeddable":true,"href":"https:\/\/teste2023.bvsalud.org\/portal-lis\/wp-json\/wp\/v2\/tags?post=4116"}],"curies":[{"name":"wp","href":"https:\/\/api.w.org\/{rel}","templated":true}]}}