{"id":3932,"date":"2023-09-11T14:49:34","date_gmt":"2023-09-11T14:49:34","guid":{"rendered":"https:\/\/teste2023.bvsalud.org\/portal-lis\/?p=3932"},"modified":"2023-11-01T17:30:09","modified_gmt":"2023-11-01T17:30:09","slug":"semana-do-bem-estar-2023","status":"publish","type":"post","link":"https:\/\/teste2023.bvsalud.org\/portal-lis\/2023\/09\/11\/semana-do-bem-estar-2023\/","title":{"rendered":"Semana do Bem-Estar 2023"},"content":{"rendered":"<p>&nbsp;<\/p>\n<h2 class=\"text-align-center\">O cuidado de que precisamos, o cuidado que queremos<\/h2>\n<p>A Semana do Bem-Estar, criada em 2011, visa a promover uma vis\u00e3o positiva da sa\u00fade e reconhecer a import\u00e2ncia da promo\u00e7\u00e3o da sa\u00fade para o bem-estar das pessoas e suas comunidades. Em 2023, ser\u00e1 comemorada entre os dias 9 e 15 de setembro, com o evento de lan\u00e7amento na segunda-feira, dia 11 de setembro, em Bogot\u00e1 (Col\u00f4mbia).<\/p>\n<p>O tema deste ano \u00e9 o cuidado. O objetivo \u00e9 enfatizar e reivindicar o cuidado para todos como componente essencial para a sa\u00fade, o bem-estar e a equidade.<\/p>\n<p>O conceito de cuidado tamb\u00e9m engloba o cuidado com a sa\u00fade f\u00edsica e mental: levar uma vida saud\u00e1vel em todas as esferas, inclusive no trabalho, conciliar melhor a vida pessoal e a profissional, criar uma rede de relacionamentos interpessoais e sociais (familiares e amigos) e cuidar do entorno em que vivemos e do meio ambiente \u2013 que \u00e9 fundamental para enfrentar o desafio da mudan\u00e7a do clima.<\/p>\n<p>Diante desses desafios, temos a oportunidade de promover pol\u00edticas voltadas \u00e0 reorganiza\u00e7\u00e3o mais equitativa e sustent\u00e1vel do cuidado. Evoluir para uma sociedade de cuidado requer transformar o paradigma e promover uma nova organiza\u00e7\u00e3o social que evidencie, reconhe\u00e7a e redistribua o cuidado e que envolva tanto as pessoas cuidadas quanto seus cuidadores considerando aspectos relativos ao servi\u00e7o, tempo e recursos para prestar o cuidado e ser cuidado&#8230;<a href=\"https:\/\/www.paho.org\/pt\/campanhas\/semana-do-bem-estar-2023\" target=\"_blank\" rel=\"noopener noreferrer\">leia mais<\/a><\/p>\n<p><strong>Saiba mais:<\/strong><\/p>\n<ul>\n<li><a href=\"https:\/\/www.paho.org\/pt\/topicos\/alimentacao-saudavel\" target=\"_blank\" rel=\"noopener noreferrer\">Alimenta\u00e7\u00e3o saud\u00e1vel<\/a><\/li>\n<li><a href=\"https:\/\/www.paho.org\/pt\/topicos\/atencao-primaria-saude\" target=\"_blank\" rel=\"noopener noreferrer\">Aten\u00e7\u00e3o prim\u00e1ria \u00e0 sa\u00fade<\/a><\/li>\n<li><a href=\"https:\/\/www.paho.org\/pt\/envelhecimento-saudavel\" target=\"_blank\" rel=\"noopener noreferrer\">Envelhecimento Saud\u00e1vel<\/a><\/li>\n<li><a href=\"https:\/\/www.paho.org\/pt\/topicos\/saude-do-adolescente\" target=\"_blank\" rel=\"noopener noreferrer\">Sa\u00fade do adolescente<\/a><\/li>\n<\/ul>\n<p><strong>Links Relacionados:<\/strong><\/p>\n<ul><li><a href=\"https:\/\/teste2023.bvsalud.org\/portal-lis\/lis-search\/resource\/?id=50389\">Aloca\u00e7\u00e3o de Recursos em Sa\u00fade - Mapa de evid\u00eancias<\/a><\/li><li><a href=\"https:\/\/teste2023.bvsalud.org\/portal-lis\/lis-search\/resource\/?id=50390\">Profissionais de Sa\u00fade<\/a><\/li><li><a href=\"https:\/\/teste2023.bvsalud.org\/portal-lis\/lis-search\/resource\/?id=50392\">Vacina\u00e7\u00e3o do Calend\u00e1rio Nacional por Munic\u00edpio de Resid\u00eancia<\/a><\/li><li><a href=\"https:\/\/teste2023.bvsalud.org\/portal-lis\/lis-search\/resource\/?id=50393\">Vacina\u00e7\u00e3o do Calend\u00e1rio Nacional por Munic\u00edpio de Ocorr\u00eancia<\/a><\/li><li><a href=\"https:\/\/teste2023.bvsalud.org\/portal-lis\/lis-search\/resource\/?id=50394\">Cobertura Vacinal do Menor de 2 Anos<\/a><\/li><li><a href=\"https:\/\/teste2023.bvsalud.org\/portal-lis\/lis-search\/resource\/?id=50396\">Cobertura Vacinal do Menor de 2 Anos por Munic\u00edpio de Ocorr\u00eancia<\/a><\/li><li><a href=\"https:\/\/teste2023.bvsalud.org\/portal-lis\/lis-search\/resource\/?id=50399\">Coortes Vacinais - Papilomav\u00edrus Humano (HPV)<\/a><\/li><li><a href=\"https:\/\/teste2023.bvsalud.org\/portal-lis\/lis-search\/resource\/?id=50403\">Aten\u00e7\u00e3o Prim\u00e1ria \u00e0 Sa\u00fade Ind\u00edgena<\/a><\/li><li><a href=\"https:\/\/teste2023.bvsalud.org\/portal-lis\/lis-search\/resource\/?id=50404\">\u00cdndice de Depend\u00eancia Regional - Oncologia<\/a><\/li><li><a href=\"https:\/\/teste2023.bvsalud.org\/portal-lis\/lis-search\/resource\/?id=50370\">Telessa\u00fade<\/a><\/li><\/ul>\n<p><a href=\"https:\/\/teste2023.bvsalud.org\/portal-lis\/lis-search\/?q=%28cuidado%29+or+%28care%29+or+%28sa%C3%BAde+mental%29+or+%28salud+mental%29+or+%28mental+health%29+or+%28salud+mental%29+or+%28saude+fisica%29+or+%28Physical+health%29+or+%28salud+f%C3%ADsica%29\" target=\"_blank\" rel=\"noopener noreferrer\">Veja tudo que h\u00e1 no LIS<\/a><\/p>\n<p>&nbsp;<\/p>\n","protected":false},"excerpt":{"rendered":"<p>&nbsp; O cuidado de que precisamos, o cuidado que queremos A Semana do Bem-Estar, criada em 2011, visa a promover uma vis\u00e3o positiva da sa\u00fade e reconhecer a import\u00e2ncia da promo\u00e7\u00e3o da sa\u00fade para o bem-estar das pessoas e suas comunidades. Em 2023, ser\u00e1 comemorada entre os dias 9 e 15 de setembro, com o [&hellip;]<\/p>\n","protected":false},"author":74,"featured_media":4062,"comment_status":"closed","ping_status":"open","sticky":false,"template":"","format":"standard","meta":{"_acf_changed":false,"_monsterinsights_skip_tracking":false,"_monsterinsights_sitenote_active":false,"_monsterinsights_sitenote_note":"","_monsterinsights_sitenote_category":0,"footnotes":"","_links_to":"","_links_to_target":""},"categories":[20],"tags":[9,5],"class_list":["post-3932","post","type-post","status-publish","format-standard","has-post-thumbnail","hentry","category-campanhas","tag-bem-estar","tag-saude"],"acf":[],"_links":{"self":[{"href":"https:\/\/teste2023.bvsalud.org\/portal-lis\/wp-json\/wp\/v2\/posts\/3932"}],"collection":[{"href":"https:\/\/teste2023.bvsalud.org\/portal-lis\/wp-json\/wp\/v2\/posts"}],"about":[{"href":"https:\/\/teste2023.bvsalud.org\/portal-lis\/wp-json\/wp\/v2\/types\/post"}],"author":[{"embeddable":true,"href":"https:\/\/teste2023.bvsalud.org\/portal-lis\/wp-json\/wp\/v2\/users\/74"}],"replies":[{"embeddable":true,"href":"https:\/\/teste2023.bvsalud.org\/portal-lis\/wp-json\/wp\/v2\/comments?post=3932"}],"version-history":[{"count":8,"href":"https:\/\/teste2023.bvsalud.org\/portal-lis\/wp-json\/wp\/v2\/posts\/3932\/revisions"}],"predecessor-version":[{"id":4256,"href":"https:\/\/teste2023.bvsalud.org\/portal-lis\/wp-json\/wp\/v2\/posts\/3932\/revisions\/4256"}],"wp:featuredmedia":[{"embeddable":true,"href":"https:\/\/teste2023.bvsalud.org\/portal-lis\/wp-json\/wp\/v2\/media\/4062"}],"wp:attachment":[{"href":"https:\/\/teste2023.bvsalud.org\/portal-lis\/wp-json\/wp\/v2\/media?parent=3932"}],"wp:term":[{"taxonomy":"category","embeddable":true,"href":"https:\/\/teste2023.bvsalud.org\/portal-lis\/wp-json\/wp\/v2\/categories?post=3932"},{"taxonomy":"post_tag","embeddable":true,"href":"https:\/\/teste2023.bvsalud.org\/portal-lis\/wp-json\/wp\/v2\/tags?post=3932"}],"curies":[{"name":"wp","href":"https:\/\/api.w.org\/{rel}","templated":true}]}}